{"id":136,"date":"2023-03-21T11:39:09","date_gmt":"2023-03-21T10:39:09","guid":{"rendered":"https:\/\/esthercomin.com\/?p=136"},"modified":"2024-11-27T12:59:56","modified_gmt":"2024-11-27T11:59:56","slug":"vivirdeescribir","status":"publish","type":"post","link":"https:\/\/esthercomin.com\/index.php\/2023\/03\/21\/vivirdeescribir\/","title":{"rendered":"\u00bfVivir de escribir?"},"content":{"rendered":"\n<p class=\"has-black-color has-text-color has-link-color wp-elements-1360a14d497822e9b8bf64c8d956152a\" style=\"font-size:13px\">Ten\u00eda 6 a\u00f1os y era domingo, probablemente. Lo creo, porque s\u00e9 que eran las cuatro de la tarde y yo estaba trepada a la litera de arriba, apoyada contra la barandilla a los pies de la cama, para que me diera mejor la luz que entraba por la ventana.<\/p>\n\n\n\n<p class=\"has-black-color has-text-color has-link-color wp-elements-3c6ae0c6855ca03c0c98a8db434a5cba\" style=\"font-size:13px\">Escrib\u00ed mi primera poes\u00eda, cuatro versos esmirriados, no me preguntes por qu\u00e9. Y algo explot\u00f3 en mi cabeza\u2026 sorpresa, duda, maravilla. Recuerdo esa sensaci\u00f3n de haber accedido a una parte de m\u00ed desconectada de lo conocido, lo familiar. Y la pureza del silencio que se instal\u00f3 en mi mente en ese preciso instante, pervive. A\u00fan hoy. Uno dir\u00eda que lo natural hubiera sido hacer de ello mi profesi\u00f3n, pero no pudo ser, no supo ser.<\/p>\n\n\n<div class=\"wp-block-image\">\n<figure class=\"aligncenter size-full is-resized\"><img loading=\"lazy\" decoding=\"async\" width=\"214\" height=\"309\" src=\"https:\/\/esthercomin.com\/wp-content\/uploads\/2023\/03\/ECC-3-ANYS.jpg\" alt=\"\" class=\"wp-image-87\" style=\"aspect-ratio:0.691699604743083;width:173px;height:auto\" srcset=\"https:\/\/esthercomin.com\/wp-content\/uploads\/2023\/03\/ECC-3-ANYS.jpg 214w, https:\/\/esthercomin.com\/wp-content\/uploads\/2023\/03\/ECC-3-ANYS-208x300.jpg 208w\" sizes=\"auto, (max-width: 214px) 100vw, 214px\" \/><\/figure>\n<\/div>\n\n\n<p class=\"has-black-color has-text-color has-link-color wp-elements-eb11fe2af37007390d94aba6e6db30f9\" style=\"font-size:13px\">No me lamento y no me arrepiento. Creo que ten\u00eda que recorrer otros caminos \u2014largos, tediosos a veces, un tanto ajenos a mi car\u00e1cter, si quieres\u2014 para acumular las palabras exactas, hasta que supiera qu\u00e9 era lo que quer\u00eda contar.<\/p>\n\n\n\n<p class=\"has-black-color has-text-color has-link-color wp-elements-dd1dc77262ee71fd8b4019aab42f5f95\" style=\"font-size:13px\">Y ya lo averig\u00fc\u00e9, por lo que corresponde volver a la casilla de inicio y empezar de nuevo.<\/p>\n\n\n\n<p class=\"has-black-color has-text-color has-link-color wp-elements-a8d0923aa4cb9df7c38a75f475ec865d\" style=\"font-size:13px\">Aprender lo que no s\u00e9 (\u00a1que es tanto\u2026!), equivocarme muchas veces y re\u00edrme de ello con la alegr\u00eda del que intenta algo diferente, dejarme aconsejar\u2026 Y alejarme de aquellos que se santiguan del susto&nbsp;<strong>cuando digo en voz alta lo que quiero: vivir de escribir<\/strong>.<\/p>\n\n\n\n<p class=\"has-black-color has-text-color has-link-color wp-elements-9394967cbcd9c5cd28cde227d1468302\" style=\"font-size:13px\">\u00abPodr\u00edas dejarlo para tu tiempo libre\u00bb, me dicen.<\/p>\n\n\n\n<p class=\"has-black-color has-text-color has-link-color wp-elements-3b115a66ae84bafdc6ede67c920fc1e4\" style=\"font-size:13px\">\u00abTengo cincuenta y tantos a\u00f1os, \u00bfno lo he dejado ya bastante?\u00bb, respondo.<\/p>\n\n\n\n<p class=\"has-black-color has-text-color has-link-color wp-elements-998eb7290ceaa15db608effcd73de171\" style=\"font-size:16px\"><\/p>\n\n\n\n<p class=\"has-black-color has-text-color has-link-color wp-elements-7199f8ee6d998adf2856982dbe4a8876\" style=\"font-size:16px\">Tengo todo lo que necesito: ilusi\u00f3n, persistencia, luz en el alma y prisa por comerme la vida a bocados.<\/p>\n\n\n\n<p class=\"has-black-color has-text-color has-link-color wp-elements-3b4c515a0d98e17d8598cfe002af67fe\" style=\"font-size:18px\"><strong>Vivir de escribir, otro reto. Gracias por acompa\u00f1arme en el camino.<\/strong><\/p>\n","protected":false},"excerpt":{"rendered":"<p>Ten\u00eda 6 a\u00f1os y era domingo, probablemente. Lo creo, porque s\u00e9 que eran las cuatro de la tarde y yo estaba trepada a la litera&#8230;<\/p>\n","protected":false},"author":1,"featured_media":558,"comment_status":"open","ping_status":"open","sticky":false,"template":"","format":"standard","meta":{"_jetpack_memberships_contains_paid_content":false,"footnotes":""},"categories":[37,74,75],"tags":[63,61,64],"class_list":["post-136","post","type-post","status-publish","format-standard","has-post-thumbnail","hentry","category-blog","category-cambiardevida","category-mujeremprendedora","tag-escribir-un-libro","tag-mujeres-escritoras","tag-poder-femenino"],"jetpack_featured_media_url":"https:\/\/esthercomin.com\/wp-content\/uploads\/2023\/03\/Miniaturas-Blog-5.png","blog_post_layout_featured_media_urls":{"thumbnail":["https:\/\/esthercomin.com\/wp-content\/uploads\/2023\/03\/Miniaturas-Blog-5-150x150.png",150,150,true],"full":["https:\/\/esthercomin.com\/wp-content\/uploads\/2023\/03\/Miniaturas-Blog-5.png",500,500,false]},"categories_names":{"37":{"name":"Blog","link":"https:\/\/esthercomin.com\/index.php\/category\/blog\/"},"74":{"name":"cambiar de vida","link":"https:\/\/esthercomin.com\/index.php\/category\/blog\/cambiardevida\/"},"75":{"name":"mujer emprendedora","link":"https:\/\/esthercomin.com\/index.php\/category\/blog\/mujeremprendedora\/"}},"tags_names":{"63":{"name":"escribir un libro","link":"https:\/\/esthercomin.com\/index.php\/tag\/escribir-un-libro\/"},"61":{"name":"mujeres escritoras","link":"https:\/\/esthercomin.com\/index.php\/tag\/mujeres-escritoras\/"},"64":{"name":"poder femenino","link":"https:\/\/esthercomin.com\/index.php\/tag\/poder-femenino\/"}},"comments_number":"4","jetpack_sharing_enabled":true,"_links":{"self":[{"href":"https:\/\/esthercomin.com\/index.php\/wp-json\/wp\/v2\/posts\/136","targetHints":{"allow":["GET"]}}],"collection":[{"href":"https:\/\/esthercomin.com\/index.php\/wp-json\/wp\/v2\/posts"}],"about":[{"href":"https:\/\/esthercomin.com\/index.php\/wp-json\/wp\/v2\/types\/post"}],"author":[{"embeddable":true,"href":"https:\/\/esthercomin.com\/index.php\/wp-json\/wp\/v2\/users\/1"}],"replies":[{"embeddable":true,"href":"https:\/\/esthercomin.com\/index.php\/wp-json\/wp\/v2\/comments?post=136"}],"version-history":[{"count":7,"href":"https:\/\/esthercomin.com\/index.php\/wp-json\/wp\/v2\/posts\/136\/revisions"}],"predecessor-version":[{"id":667,"href":"https:\/\/esthercomin.com\/index.php\/wp-json\/wp\/v2\/posts\/136\/revisions\/667"}],"wp:featuredmedia":[{"embeddable":true,"href":"https:\/\/esthercomin.com\/index.php\/wp-json\/wp\/v2\/media\/558"}],"wp:attachment":[{"href":"https:\/\/esthercomin.com\/index.php\/wp-json\/wp\/v2\/media?parent=136"}],"wp:term":[{"taxonomy":"category","embeddable":true,"href":"https:\/\/esthercomin.com\/index.php\/wp-json\/wp\/v2\/categories?post=136"},{"taxonomy":"post_tag","embeddable":true,"href":"https:\/\/esthercomin.com\/index.php\/wp-json\/wp\/v2\/tags?post=136"}],"curies":[{"name":"wp","href":"https:\/\/api.w.org\/{rel}","templated":true}]}}