{"id":676,"date":"2024-12-05T19:42:59","date_gmt":"2024-12-05T18:42:59","guid":{"rendered":"https:\/\/esthercomin.com\/?p=676"},"modified":"2024-12-05T19:48:12","modified_gmt":"2024-12-05T18:48:12","slug":"despertar-de-la-conciencia-espiritual","status":"publish","type":"post","link":"https:\/\/esthercomin.com\/index.php\/2024\/12\/05\/despertar-de-la-conciencia-espiritual\/","title":{"rendered":"EL DESPERTAR DE LA CONCIENCIA ES COMO LA MALDICI\u00d3N DE LA MOMIA"},"content":{"rendered":"\n<p class=\"has-black-color has-text-color has-link-color wp-elements-2b1326893e190dc6a0dbc9ad7ced488c\" style=\"font-size:13px\">Ya me sabe mal, pero los que cre\u00edan que esto iba a ser un pase\u00edllo de los de nutrirse el alma con frases del buen rollito\u2026 se van a llevar un chasco. Para empezar, <strong>el despertar de la conciencia no es un chispazo de iluminaci\u00f3n, sino una carrera de fondo tipo marat\u00f3n<\/strong> en la que te dejas la piel.<\/p>\n\n\n\n<p class=\"has-black-color has-text-color has-link-color wp-elements-1e571592bb949cf95c02ca91d47c7dd6\" style=\"font-size:13px\">Eso s\u00ed, viene con premio. Te ganas a ti. M\u00e1s que nada porque esto no es algo que se pueda hacer por los dem\u00e1s, ni por el equipo, ni por la familia. Es un viaje a solas, en el que tratas de ordenar ese caos maravilloso en el que se ha convertido tu vida para extraer algunas conclusiones que te acerquen a saber qui\u00e9n eres o qu\u00e9 quieres.<\/p>\n\n\n\n<p class=\"has-black-color has-text-color has-link-color wp-elements-fa2b109d16dcac4164a2a3f89d0b2406\" style=\"font-size:13px\">Porque la lista de lo que no quieres, esa, la tienes clara desde hace a\u00f1os, seamos sinceros. Los disgustos, la asquerosidad de los personajillos que colorean tu historia o la triste decepci\u00f3n que sufriste a manos de alguien querido\u2026 cada cual tiene su raci\u00f3n de miserias vitales.<\/p>\n\n\n\n<p class=\"has-black-color has-text-color has-link-color wp-elements-8fa1bb6b04efb6f46e9c50ca152addfe\" style=\"font-size:13px\">Vamos como una moto coleccionando todos los \u00abni hablar, nunca m\u00e1s\u00bb, ah\u00ed caben pocas dudas. Es cuando toca hacer la lista de los \u00abme encantar\u00eda\u00bb que la cosa se pone turbia.<\/p>\n\n\n\n<p class=\"has-black-color has-text-color has-link-color wp-elements-47a00b3ffccf1a92f386afdf18a3ab01\" style=\"font-size:13px\">M\u00e1s all\u00e1 de querer que te toque el Gordo de Navidad.<\/p>\n\n\n\n<p class=\"has-text-color has-link-color has-medium-font-size wp-elements-389ef45c2bca4689a9063321e7745280\" style=\"color:#a8c1a2\"><strong>LO HACES POR TI<\/strong><\/p>\n\n\n\n<p class=\"has-black-color has-text-color has-link-color wp-elements-7497e0b6a152f7734a017a73e252714f\" style=\"font-size:13px\">Cuando te das cuenta de que ni siquiera puedes armar una carta a los Reyes Magos con cuatro pedidos porque te sabes de memoria lo que quiere todo el mundo, pero lo tuyo es un misterio\u2026 empiezas. Por ti, porque sospechas que lo mereces, aunque te falten pruebas.<\/p>\n\n\n\n<p class=\"has-black-color has-text-color has-link-color wp-elements-72867cbedee6784c97c364d68b44f778\" style=\"font-size:13px\">Lees un art\u00edculo o un libro\u2026 tienes una conversaci\u00f3n profunda de forma inesperada\u2026 alguien te cuenta lo suyo\u2026 El camino es lo de menos. Puedes lanzarte de cabeza a saber m\u00e1s sobre autoestima o inteligencia emocional, desempolvar creencias de tu infancia que ten\u00edas olvidadas, buscarte un coach o decidirte a explorar conceptos nuevos.<\/p>\n\n\n\n<p class=\"has-black-color has-text-color has-link-color wp-elements-7636f25996346e273ace9a5cd1ce501c\" style=\"font-size:13px\">Por si te tranquiliza, hay mucha gente a bordo de ese barco, buscando un sentido, un prop\u00f3sito, no est\u00e1s a oscuras t\u00fa solo, t\u00fa sola. Somos millones.<\/p>\n\n\n\n<p class=\"has-black-color has-text-color has-link-color wp-elements-5da46a981919647bac749cb5f7ed73a1\" style=\"font-size:13px\">Al principio te cuesta y te sientes ego\u00edsta por pasar tanto rato pensando en lo tuyo. Es f\u00e1cil ver que nos adiestran para lo contrario, para darle prioridad a lo externo. Pero si persistes en tu viaje hacia ti, \u00a1oh, si persistes! A paso de hormiga, aprender\u00e1s a dedicarte tiempo, a ser paciente contigo, a escucharte. Saborear\u00e1s el momento presente, el aqu\u00ed y el ahora, tan rico, tan pleno, tan t\u00fa. De repente, te dar\u00e1s cuenta de que puedes dejar ir las opiniones de la gente sin que se monte un desastre, y de que ese lastre gigantesco de tu pasado que has ido arrastrando con tanta fatiga no es m\u00e1s que eso, pasado, un escenario que ya se desvaneci\u00f3.<\/p>\n\n\n\n<p class=\"has-black-color has-text-color has-link-color wp-elements-70895ae243ce3f15f58cac276ed78f35\" style=\"font-size:13px\">Lo haces por ti, a conciencia. Te pones a tratarte con cuidado, casi con mimo, curioseas entre tus sombras y desmontas ideas limitantes que te impiden avanzar. Por encima de todo, valoras tu paz, la defiendes con u\u00f1as y dientes, a sabiendas de que es lo que te permite seguir explorando ese aspecto de ti, intangible y sutil, que se abre a un conocimiento nuevo. Parece contradictorio, pero cuanto m\u00e1s te conoces a ti, m\u00e1s comprendes a los dem\u00e1s y mejor los quieres.<\/p>\n\n\n\n<p class=\"has-black-color has-text-color has-link-color wp-elements-c5935f0a56f2bc97b049ff5e53fa9346\" style=\"font-size:13px\">Y, de paso, comienzas a quererte a ti.<\/p>\n\n\n\n<p class=\"has-text-color has-link-color has-medium-font-size wp-elements-fec2b5adb8969cda97aa0842cd714308\" style=\"color:#a8c1a2\"><strong>BONUS: POR PROBAR ALGO<\/strong><\/p>\n\n\n\n<p class=\"has-black-color has-text-color has-link-color wp-elements-1ddf36203cc480f72d96e6feffe5f423\" style=\"font-size:13px\">Te invito a poner tu mano derecha sobre el coraz\u00f3n. Solo hazlo y analiza lo que sientes. \u00bfCalorcito? \u00bfEst\u00e1s poniendo cara de \u00abay, dios m\u00edo\u00bb? \u00bfNotas la textura de la blusa o el su\u00e9ter?<\/p>\n\n\n\n<p class=\"has-black-color has-text-color has-link-color wp-elements-8764f1904d5b41cbee6e98e91fc22bd7\" style=\"font-size:13px\">Bien. Mantenla ah\u00ed.<\/p>\n\n\n\n<p class=\"has-black-color has-text-color has-link-color wp-elements-a6f038557bf4f183eb70c4fb8de0a954\" style=\"font-size:13px\">Ahora, pon tu mano izquierda sobre la rodilla, abierta y de cara al cielo. Imagina que un rayo de luz atraviesa el espacio, el universo entero, a toda velocidad, y se mete en tu cuerpo a trav\u00e9s de esa mano abierta.<\/p>\n\n\n\n<p class=\"has-black-color has-text-color has-link-color wp-elements-3cdebcdce92eff7b1cebf7460d2b174f\" style=\"font-size:13px\">No cierres los ojos, a\u00fan no.<\/p>\n\n\n\n<p class=\"has-black-color has-text-color has-link-color wp-elements-1912da99ac05681b6d60ab4fb2a4c833\" style=\"font-size:13px\">El rayo no cesa, no se detiene, la luz sigue llegando desde lo m\u00e1s rec\u00f3ndito del universo y entra en ti en un flujo continuo. Permite que ese rayo de luz imaginaria ascienda por tu brazo hasta llegar al coraz\u00f3n, inund\u00e1ndolo de claridad. Deja que repose all\u00ed unos segundos, que la luz se haga fuerte, que palpite contigo. Y cuando te apetezca, ord\u00e9nale que atraviese tu piel y se ancle en tu mano derecha, la que sigue estando all\u00ed, a la espera de que pase algo emocionante.<\/p>\n\n\n\n<p class=\"has-black-color has-text-color has-link-color wp-elements-3d7af3162a7d7dd4bc1306fd93cab1e9\" style=\"font-size:13px\">Ahora s\u00ed, cierra los ojos y siente cada detalle, desde lo m\u00e1s peque\u00f1o hasta lo m\u00e1s vistoso. Siente. Esa energ\u00eda es tuya, aunque desconozcas de d\u00f3nde sale o c\u00f3mo manejarla. \u00bfQuieres m\u00e1s?<\/p>\n\n\n\n<p class=\"has-black-color has-text-color has-link-color wp-elements-83a938616e82119d88aa67441e66d4aa\" style=\"font-size:13px\">Te ense\u00f1o.<\/p>\n\n\n\n<div class=\"wp-block-buttons is-layout-flex wp-block-buttons-is-layout-flex\">\n<div class=\"wp-block-button is-style-fill\"><a class=\"wp-block-button__link has-background wp-element-button\" href=\"https:\/\/esthercomin.com\/index.php\/cursos-y-talleres\/\" style=\"background-color:#a8c1a2\">Me interesa<\/a><\/div>\n<\/div>\n\n\n\n<p><\/p>\n","protected":false},"excerpt":{"rendered":"<p>Ya me sabe mal, pero los que cre\u00edan que esto iba a ser un pase\u00edllo de los de nutrirse el alma con frases del buen rollito\u2026 se van a llevar un chasco&#8230;<\/p>\n","protected":false},"author":1,"featured_media":677,"comment_status":"open","ping_status":"open","sticky":false,"template":"","format":"standard","meta":{"_jetpack_memberships_contains_paid_content":false,"footnotes":""},"categories":[37,76,1],"tags":[67,60,77,79,78],"class_list":["post-676","post","type-post","status-publish","format-standard","has-post-thumbnail","hentry","category-blog","category-crecimientoespiritual","category-sin-categoria","tag-atencion-plena","tag-conciencia","tag-crecimiento-espiritual","tag-despertar-espiritual","tag-lo-haces-por-ti"],"jetpack_featured_media_url":"https:\/\/esthercomin.com\/wp-content\/uploads\/2024\/12\/z06_Despertar-de-la-conciencia.png","blog_post_layout_featured_media_urls":{"thumbnail":["https:\/\/esthercomin.com\/wp-content\/uploads\/2024\/12\/z06_Despertar-de-la-conciencia-150x150.png",150,150,true],"full":["https:\/\/esthercomin.com\/wp-content\/uploads\/2024\/12\/z06_Despertar-de-la-conciencia.png",500,500,false]},"categories_names":{"37":{"name":"Blog","link":"https:\/\/esthercomin.com\/index.php\/category\/blog\/"},"76":{"name":"crecimiento espiritual","link":"https:\/\/esthercomin.com\/index.php\/category\/blog\/crecimientoespiritual\/"},"1":{"name":"Sin categor\u00eda","link":"https:\/\/esthercomin.com\/index.php\/category\/sin-categoria\/"}},"tags_names":{"67":{"name":"atenci\u00f3n plena","link":"https:\/\/esthercomin.com\/index.php\/tag\/atencion-plena\/"},"60":{"name":"conciencia","link":"https:\/\/esthercomin.com\/index.php\/tag\/conciencia\/"},"77":{"name":"crecimiento espiritual","link":"https:\/\/esthercomin.com\/index.php\/tag\/crecimiento-espiritual\/"},"79":{"name":"despertar espiritual","link":"https:\/\/esthercomin.com\/index.php\/tag\/despertar-espiritual\/"},"78":{"name":"lo haces por ti","link":"https:\/\/esthercomin.com\/index.php\/tag\/lo-haces-por-ti\/"}},"comments_number":"0","jetpack_sharing_enabled":true,"_links":{"self":[{"href":"https:\/\/esthercomin.com\/index.php\/wp-json\/wp\/v2\/posts\/676","targetHints":{"allow":["GET"]}}],"collection":[{"href":"https:\/\/esthercomin.com\/index.php\/wp-json\/wp\/v2\/posts"}],"about":[{"href":"https:\/\/esthercomin.com\/index.php\/wp-json\/wp\/v2\/types\/post"}],"author":[{"embeddable":true,"href":"https:\/\/esthercomin.com\/index.php\/wp-json\/wp\/v2\/users\/1"}],"replies":[{"embeddable":true,"href":"https:\/\/esthercomin.com\/index.php\/wp-json\/wp\/v2\/comments?post=676"}],"version-history":[{"count":3,"href":"https:\/\/esthercomin.com\/index.php\/wp-json\/wp\/v2\/posts\/676\/revisions"}],"predecessor-version":[{"id":681,"href":"https:\/\/esthercomin.com\/index.php\/wp-json\/wp\/v2\/posts\/676\/revisions\/681"}],"wp:featuredmedia":[{"embeddable":true,"href":"https:\/\/esthercomin.com\/index.php\/wp-json\/wp\/v2\/media\/677"}],"wp:attachment":[{"href":"https:\/\/esthercomin.com\/index.php\/wp-json\/wp\/v2\/media?parent=676"}],"wp:term":[{"taxonomy":"category","embeddable":true,"href":"https:\/\/esthercomin.com\/index.php\/wp-json\/wp\/v2\/categories?post=676"},{"taxonomy":"post_tag","embeddable":true,"href":"https:\/\/esthercomin.com\/index.php\/wp-json\/wp\/v2\/tags?post=676"}],"curies":[{"name":"wp","href":"https:\/\/api.w.org\/{rel}","templated":true}]}}